{"id":11099,"date":"2018-09-25T14:54:31","date_gmt":"2018-09-25T12:54:31","guid":{"rendered":"http:\/\/anapantazescuana.ro\/?p=11099"},"modified":"2018-09-25T14:54:31","modified_gmt":"2018-09-25T12:54:31","slug":"cand-depresia-postpartum-este-o-rusine","status":"publish","type":"post","link":"https:\/\/anapantazescu.ro\/index.php\/2018\/09\/25\/cand-depresia-postpartum-este-o-rusine\/","title":{"rendered":"C\u00e2nd depresia postpartum este o ru\u0219ine"},"content":{"rendered":"<style type=\"text\/css\"><\/style><p><strong><span class=\"dia_suggestion w5\" contextmenu=\"true\"><span class=\"dia_suggestion w6\" contextmenu=\"true\">La<\/span> noi <span class=\"dia_suggestion w8\" contextmenu=\"true\">\u00een<\/span> <span class=\"dia_suggestion w9\" contextmenu=\"true\">\u021bar\u0103<\/span> a vorbi despre depresia postpartum, a-i <span class=\"dia_suggestion w17\" contextmenu=\"true\">recunoa\u0219te<\/span> <span class=\"dia_suggestion w18\" contextmenu=\"true\">existen\u021ba<\/span>, este un moft <span class=\"dia_suggestion w22\" contextmenu=\"true\">din<\/span> <span class=\"dia_suggestion w23\" contextmenu=\"true\">p\u0103cate<\/span>. Despre cum anume <span class=\"dia_suggestion w27\" contextmenu=\"true\">se<\/span> <span class=\"dia_suggestion w28\" contextmenu=\"true\">manifest\u0103<\/span>, ce putem face, cum o putem preveni, <span class=\"dia_suggestion w36\" contextmenu=\"true\">\u0219i<\/span> <span class=\"dia_suggestion w37\" contextmenu=\"true\">multe<\/span> altele, am discutat <span class=\"dia_suggestion w41\" contextmenu=\"true\">\u00een<\/span> cadrul unui interviu acordat Crinei Alexe pentru <span class=\"dia_suggestion w49\" contextmenu=\"true\">revista<\/span> Elle <span class=\"dia_suggestion w51\" contextmenu=\"true\">Rom\u00e2nia<\/span>.<\/span><\/strong><\/p>\n<p>&nbsp;<\/p>\n<p><strong>Ce este depresia postpartum?<\/strong><\/p>\n<p>Depresia postpartum este acea stare de triste\u021be excesiv\u0103,\u00a0 \u00eenso\u021bit\u0103 de nevoia de a pl\u00e2nge spontan, chiar dac\u0103 nu sunt motive serioase pentru noua mam\u0103, imposibilitatea de a adormi, chiar \u0219i c\u00e2nd doarme copilul, iritare, anxietate, griji, lipsa conect\u0103rii cu bebelu\u0219ul, \u0219i existen\u021ba sentimentului de vinov\u0103\u021bie manifestat ulterior unor g\u00e2nduri de genul: \u201dNu sunt o mam\u0103 bun\u0103.\u201d,\u201dCeva nu e \u00een regul\u0103 cu mine, ar trebui s\u0103 m\u0103 bucur, doar am un copil!\u201d.<\/p>\n<p>&nbsp;<\/p>\n<p><strong>C\u00e2nd se instaleaz\u0103? Cum se manifest\u0103?<\/strong><\/p>\n<p>Ea se poate instala imediat dup\u0103 na\u0219tere, c\u00e2nd \u00eens\u0103, un diagnostic nu este relevant dec\u00e2t dup\u0103 ce se termin\u0103 perioada de lauzie. P\u00e2n\u0103 atunci putem vorbi despre baby blue, care este o stare asem\u0103n\u0103toare de triste\u021be, dar \u00een limite normale, s\u0103n\u0103toase, datorat\u0103 schim\u0103rilor hormonale, mai precis, din cauza expulz\u0103rii placentei, \u0219i care poate \u021bine \u00eentre 5 zile \u0219i 6 s\u0103pt\u0103m\u00e2ni. \u00cen jur de 80% dintre femei experimenteaz\u0103 baby blues. Dac\u0103 nu se \u00eembun\u0103t\u0103\u021be\u0219te starea de spirit a noii mame, atunci putem s\u0103 spunem c\u0103 avem o depresie postpartum. \u00cens\u0103, asta nu \u00eenseamn\u0103 c\u0103 ea nu poate ap\u0103rea mai devreme de 6 s\u0103pt\u0103m\u00e2ni, sau chiar dup\u0103 3 luni, 6 luni de la na\u0219tere.<\/p>\n<p>&nbsp;<\/p>\n<p><strong>Cum poate fi comb\u0103tut\u0103 \/ ameliorat\u0103?<\/strong><\/p>\n<p>Putem \u00eens\u0103 s\u0103 facem ceva pentru a preveni depresia postpartum. Cei care fac parte din cercul de sprijin al mamei pot s\u0103 o ajute, s\u0103 fie prezen\u021bi, s\u0103 \u00eempart\u0103 sarcinile cu ea. Noua mam\u0103 are nevoie de recuperare, s\u0103 intre \u00eentr-o nou\u0103 rutin\u0103, rutin\u0103 care nu vine a\u0219a u\u0219or, doar e vorba de a avea grij\u0103 de o alt\u0103 fiin\u021b\u0103 uman\u0103!<\/p>\n<p>Totodat\u0103 este binevenit a \u0219ti c\u0103 nimeni nu \u0219tie ce s\u0103 fac\u0103 din prima cu un bebelu\u0219! Mai ales c\u0103 cei mici, din p\u0103cate nu vin cu un manual de utilizare, ar fi foarte u\u0219or a\u0219a. Astfel \u00eenc\u00e2t apar g\u00e2ndurile precum:\u201dNu-mi iese nimic din prima!\u201d,\u201dPrietena mea nu s-a pl\u00e2ns niciodat\u0103, era mereu cu z\u00e2mbetul pe buze!\u201d,\u201dCum o s\u0103 cresc eu copilul, dac\u0103 nu pot un scutec s\u0103 \u00eei pun?\u201d<\/p>\n<p>L\u0103s\u0103\u021bi la o parte blamarea propriei persoane, compara\u021biile, generaliz\u0103rile, pentru c\u0103 fiecare om este unic, \u0219i fiecare r\u0103spunde la stres \u00een felul \u0219i ritmul s\u0103u. Nu ai de unde \u0219ti, c\u0103 acea prieten\u0103 care este mereu zen, nu pl\u00e2nge de fapt pe ascuns, \u0219i ascunde asta, pentru c\u0103 \u00eei este ru\u0219ine, \u0219i supracompenseaz\u0103 cu o imagine de supermam\u0103!<\/p>\n<p>Este normal s\u0103 fii obosit\u0103, este normal s\u0103 existe o perioada de acomodare. Atunci c\u00e2nd avem a\u0219tept\u0103ri prea mari de la noi, atunci poate interveni depresia postpartum!<\/p>\n<p>&nbsp;<\/p>\n<p><strong>C\u00e2nd este cazul s\u0103 ne \u00eengrijor\u0103m?<\/strong><\/p>\n<p>P\u00e2n\u0103 la urm\u0103, aceast\u0103 form\u0103 de depresie este un motiv de \u00eengrijorare, pentru c\u0103 incapaciteaz\u0103 mama! \u00cens\u0103, dac\u0103 apar pe l\u00e2ng\u0103 toate aceste simptome expuse mai sus, \u0219i g\u00e2nduri suicidare, sau g\u00e2nduri c\u0103 ar putea mama s\u0103 fac\u0103 r\u0103u bebelu\u0219ului, ar fi cazul s\u0103 ne \u00eengrijor\u0103m \u0219i mai mult. Nu ar strica, \u00een orice moment o vizit\u0103 la specialist, \u0219i \u00een acest caz \u0219i o evaluare psihiatric\u0103.<\/p>\n<p>&nbsp;<\/p>\n<p><strong>Ce poate face familia pentru proasp\u0103ta mam\u0103 \u00eentr-o astfel de situa\u021bie \u0219i, mai ales, ce poate face partenerul?<\/strong><\/p>\n<p>Un proverb african spune c\u0103 e nevoie de un sat ca s\u0103 cre\u0219ti un copil. Cred c\u0103 dup\u0103 aceast\u0103 regul\u0103 ar trebui s\u0103 se ghideze familia \u00een care intr\u0103 bebelu\u0219ul. Toat\u0103 lumea ar trebui s\u0103 participe la cre\u0219terea lui. Partenerul de asemenea este indicat s\u0103 fie c\u00e2t mai implicat \u00een grija pentru cel mic. \u00cens\u0103 cu to\u021bii\u00a0 ar trebui s\u0103 \u00een\u021beleag\u0103 mama care sufer\u0103 de depresie postpartum. Nu este o stare pe care ea o alege, nu este ceva din care ie\u0219i pur \u0219i simplu, mai ales dup\u0103 ce \u021bi se spun lucruri de genul: \u201cFii puternic\u0103!\u201d, \u201cPe vremea mea nu aveai de ales, mama!\u201d, \u201cAu n\u0103scut \u0219i altele, tu de ce ai fi special\u0103?\u201d<\/p>\n<p>Replici de acest gen nu func\u021bioneaz\u0103, nu fac altceva dec\u00e2t s\u0103 ad\u00e2ncesc\u0103 sentimentul de inadecvare \u0219i vinov\u0103\u021bie resim\u021bite. A\u0219a \u00eenc\u00e2t familia \u0219i partenerul s\u0103 aib\u0103 r\u0103bdare, \u00een\u021belegere, \u0219i suport afectiv pentru noua mam\u0103.<\/p>\n<p>&nbsp;<\/p>\n<p><strong>Exist\u0103 categorii de femei mai predispuse la depresie postpartum?<\/strong><\/p>\n<p>Femeile care \u00eenainte de na\u0219tere sau dup\u0103 na\u0219tere au \u00een via\u021ba lor probleme sunt mai predispuse la depresia postpartum. Probleme pot fi de la evenimente traumatizante, moartea unei persoane dragi, schimb\u0103ri majore, ca de exemplu mut\u0103ri \u00een cas\u0103 nou\u0103, schimbarea locului de munc\u0103, probleme conjugale, etc. Mediul poate s\u0103 fac\u0103 diferen\u021ba.<\/p>\n<p>&nbsp;<\/p>\n<p><strong>Putem vorbi de o presiune social\u0103 care se pune asupra proaspetelor mame de a fi \u201dmame perfecte\u201d, presiune care le afecteaz\u0103 suplimentar \u0219i care ridic\u0103 ni\u0219te standarde imposibil de atins?<\/strong><\/p>\n<p>Un lucru este cert, pe l\u00e2ng\u0103 presiunea pe care o resimt mamele de la propriile persoane, mai poate veni peste \u0219i presiunea social\u0103. \u0218tirile vehiculate pe siteurile de gen, care arat\u0103 mame perfecte, at\u00e2t fizic, c\u00e2t \u0219i emo\u021bional, cu z\u00e2mbetul pe buze, nu fac altceva dec\u00e2t s\u0103 \u00eendep\u0103rteze \u0219i mai mult adev\u0103rul fa\u021b\u0103 de cum este maternitatea de fapt. \u021aine\u021bi cont c\u0103, dac\u0103 toate femeile din lumea asta ar avea ca job apari\u021biile glamour pl\u0103tite, \u00een public, \u0219i d\u0103dac\u0103, \u0219i menajer\u0103 acas\u0103, \u0219i bani pentru refacerea de dup\u0103 na\u0219tere, tratamente, sala de for\u021b\u0103 \u00een garaj, echip\u0103 de make-up, stili\u0219ti, etc., nu v\u0103d de ce nu le-am lua ca etalon! \u00cens\u0103, nu este a\u0219a!<\/p>\n<p>Aten\u021bie la filtrarea mintal\u0103, cu cine ne compar\u0103m! Fiecare experimenteaz\u0103 maternitatea \u00een felul ei, iar \u00een cazul depresiei postpartum, numai de compara\u021bii intangibile nu avem nevoie, ci de real!<\/p>\n<p>&nbsp;<\/p>\n<p><strong>Cum este afectat copilul de depresia postpartum a mamei?<\/strong><\/p>\n<p>Ceea ce face deosebit\u0103 aceast\u0103 form\u0103 de depresie este tocmai faptul c\u0103 mama nu se simte conecatat\u0103 de bebelu\u0219ul ei. Din cauza asta, intervine apoi \u0219i sentimentul de vinov\u0103\u021bie, care nu face altceva dec\u00e2t s\u0103 am\u00e2ne \u0219i mai mult crearea simbiozei \u00eentre mam\u0103 \u0219i copil, simbioz\u0103 absolut normal \u0219i de a\u0219teptat s\u0103 se \u00eent\u00e2mple, dur\u00e2nd de la na\u0219tere p\u00e2n\u0103 la 7 luni.<\/p>\n<p>Aici vorbim de ceea ce simte, i se transmite bebelu\u0219ului, sau nu i se transmite. El poate s\u0103 fie afectat de r\u0103ceala pe care o transmite mama lui. Copiii sunt foarte intuitivi, \u0219i simt dac\u0103 sunt lua\u021bi \u00een bra\u021be de cineva care nu dore\u0219te asta. El pl\u00e2nge tocmai pentru a primi grij\u0103, iubire, pentru conexiune. Dac\u0103 nu le prime\u0219te tocmai de la persoana de ata\u0219ament primar\u0103, mama fiind absent\u0103 emo\u021bional, \u0219i copilul va fi absent emo\u021bional, el fiind o oglind\u0103 a mamei, \u0219i mama oglinda lui.<\/p>\n<p>&nbsp;<\/p>\n<p><strong>O viitoare mam\u0103 poate face ceva preventiv, ca s\u0103 evite depresia postnatal\u0103, sau este ceva imposibil de controlat \/ anticipat?<\/strong><\/p>\n<p>Dac\u0103 o viitoare mam\u0103 \u0219tie c\u0103 a mai avut episoade depresive \u00een via\u021ba sa, sunt \u0219anse mai mari s\u0103 sufere de depresie postpartum. Acest lucru nu \u00eenseamn\u0103 c\u0103 va \u0219i avea, ci doar c\u0103 este predispus\u0103.<\/p>\n<p>Totodat\u0103, pentru orice viitoare mama, este util s\u0103 se g\u00e2ndeasc\u0103 la fricile ei, \u0219i s\u0103 le discute cu partenerul, mama, familia, prietenii. \u00cen felul acesta se poate lini\u0219ti, se poate normaliza, \u0219i va \u0219ti c\u0103 atunci c\u00e2nd va fi pus\u0103 \u00een fa\u021ba faptului, va avea la cine s\u0103 apeleze.<\/p>\n<p>Nu \u00eenseamn\u0103 c\u0103 \u00een felul acesta va preveni sau anticipa cu siguran\u021b\u0103 depresia dup\u0103 na\u0219tere, ci doar \u00eei va reaminti noii mame c\u0103 are plasa de siguran\u021b\u0103 dac\u0103 se \u00eent\u00e2mpl\u0103, \u0219i se \u00eent\u00e2mpl\u0103 cam \u00een 15% dintre cazuri.<\/p>\n<p>De men\u021bionat c\u0103 \u00een aceste procente intr\u0103 acele mame care \u00een mod curent au o viziune mai gri asupra vie\u021bii, sau se adapteaz\u0103 la stres mai greu. P\u00e2n\u0103 la urm\u0103 despre asta este vorba, dac\u0103 felul \u00een care privim shimbarea, \u0219i stresul care vine cu ea, este \u00eentr-un mod disfunc\u021bional, atunci putem cu u\u0219urin\u021b\u0103 pierde controlul \u00een fa\u021ba unei schimb\u0103ri majore, a\u0219a cum este na\u0219terea \u0219i cre\u0219terea unui copil.<\/p>\n<p>&nbsp;<\/p>\n<p>&nbsp;<\/p>\n<p>&nbsp;<\/p>\n<p>&nbsp;<\/p>\n<p>&nbsp;<\/p>\n","protected":false},"excerpt":{"rendered":"<p>La noi \u00een \u021bar\u0103 a vorbi despre depresia postpartum, a-i recunoa\u0219te existen\u021ba, este un moft din p\u0103cate. Despre cum anume se manifest\u0103, ce putem face, cum o putem preveni, \u0219i multe altele, am discutat \u00een cadrul unui interviu acordat Crinei Alexe pentru revista Elle Rom\u00e2nia. &nbsp; Ce este depresia postpartum? Depresia postpartum este acea stare&#8230;<\/p>\n","protected":false},"author":1,"featured_media":11103,"comment_status":"open","ping_status":"open","sticky":false,"template":"","format":"standard","meta":{"_exactmetrics_skip_tracking":false,"_exactmetrics_sitenote_active":false,"_exactmetrics_sitenote_note":"","_exactmetrics_sitenote_category":0,"footnotes":""},"categories":[61,37,66,2,35,39,6],"tags":[43,67,70,69,68],"class_list":["post-11099","post","type-post","status-publish","format-standard","has-post-thumbnail","hentry","category-copii","category-decizii","category-depresie","category-news","category-relatii","category-stres","category-terapie","tag-copil","tag-depresie-postpartum","tag-femeie","tag-schimbare","tag-tristete"],"yoast_head":"<!-- This site is optimized with the Yoast SEO plugin v26.5 - https:\/\/yoast.com\/wordpress\/plugins\/seo\/ -->\n<title>C\u00e2nd depresia postpartum este o ru\u0219ine - Ana Pantazescu Website<\/title>\n<meta name=\"robots\" content=\"index, follow, max-snippet:-1, max-image-preview:large, max-video-preview:-1\" \/>\n<link rel=\"canonical\" href=\"https:\/\/anapantazescu.ro\/index.php\/2018\/09\/25\/cand-depresia-postpartum-este-o-rusine\/\" \/>\n<meta property=\"og:locale\" content=\"en_US\" \/>\n<meta property=\"og:type\" content=\"article\" \/>\n<meta property=\"og:title\" content=\"C\u00e2nd depresia postpartum este o ru\u0219ine - Ana Pantazescu Website\" \/>\n<meta property=\"og:description\" content=\"La noi \u00een \u021bar\u0103 a vorbi despre depresia postpartum, a-i recunoa\u0219te existen\u021ba, este un moft din p\u0103cate. Despre cum anume se manifest\u0103, ce putem face, cum o putem preveni, \u0219i multe altele, am discutat \u00een cadrul unui interviu acordat Crinei Alexe pentru revista Elle Rom\u00e2nia. &nbsp; Ce este depresia postpartum? Depresia postpartum este acea stare...\" \/>\n<meta property=\"og:url\" content=\"https:\/\/anapantazescu.ro\/index.php\/2018\/09\/25\/cand-depresia-postpartum-este-o-rusine\/\" \/>\n<meta property=\"og:site_name\" content=\"Ana Pantazescu Website\" \/>\n<meta property=\"article:published_time\" content=\"2018-09-25T12:54:31+00:00\" \/>\n<meta property=\"og:image\" content=\"https:\/\/anapantazescu.ro\/wp-content\/uploads\/2018\/08\/depresia-postpartum.jpeg\" \/>\n\t<meta property=\"og:image:width\" content=\"1049\" \/>\n\t<meta property=\"og:image:height\" content=\"700\" \/>\n\t<meta property=\"og:image:type\" content=\"image\/jpeg\" \/>\n<meta name=\"author\" content=\"Ana Pantazescu\" \/>\n<meta name=\"twitter:card\" content=\"summary_large_image\" \/>\n<meta name=\"twitter:label1\" content=\"Written by\" \/>\n\t<meta name=\"twitter:data1\" content=\"Ana Pantazescu\" \/>\n\t<meta name=\"twitter:label2\" content=\"Est. reading time\" \/>\n\t<meta name=\"twitter:data2\" content=\"7 minutes\" \/>\n<script type=\"application\/ld+json\" class=\"yoast-schema-graph\">{\"@context\":\"https:\/\/schema.org\",\"@graph\":[{\"@type\":\"WebPage\",\"@id\":\"https:\/\/anapantazescu.ro\/index.php\/2018\/09\/25\/cand-depresia-postpartum-este-o-rusine\/\",\"url\":\"https:\/\/anapantazescu.ro\/index.php\/2018\/09\/25\/cand-depresia-postpartum-este-o-rusine\/\",\"name\":\"C\u00e2nd depresia postpartum este o ru\u0219ine - Ana Pantazescu Website\",\"isPartOf\":{\"@id\":\"https:\/\/anapantazescu.ro\/#website\"},\"primaryImageOfPage\":{\"@id\":\"https:\/\/anapantazescu.ro\/index.php\/2018\/09\/25\/cand-depresia-postpartum-este-o-rusine\/#primaryimage\"},\"image\":{\"@id\":\"https:\/\/anapantazescu.ro\/index.php\/2018\/09\/25\/cand-depresia-postpartum-este-o-rusine\/#primaryimage\"},\"thumbnailUrl\":\"https:\/\/anapantazescu.ro\/wp-content\/uploads\/2018\/08\/depresia-postpartum.jpeg\",\"datePublished\":\"2018-09-25T12:54:31+00:00\",\"author\":{\"@id\":\"https:\/\/anapantazescu.ro\/#\/schema\/person\/82637b8a544bf0437004e34f8000c21f\"},\"breadcrumb\":{\"@id\":\"https:\/\/anapantazescu.ro\/index.php\/2018\/09\/25\/cand-depresia-postpartum-este-o-rusine\/#breadcrumb\"},\"inLanguage\":\"en-US\",\"potentialAction\":[{\"@type\":\"ReadAction\",\"target\":[\"https:\/\/anapantazescu.ro\/index.php\/2018\/09\/25\/cand-depresia-postpartum-este-o-rusine\/\"]}]},{\"@type\":\"ImageObject\",\"inLanguage\":\"en-US\",\"@id\":\"https:\/\/anapantazescu.ro\/index.php\/2018\/09\/25\/cand-depresia-postpartum-este-o-rusine\/#primaryimage\",\"url\":\"https:\/\/anapantazescu.ro\/wp-content\/uploads\/2018\/08\/depresia-postpartum.jpeg\",\"contentUrl\":\"https:\/\/anapantazescu.ro\/wp-content\/uploads\/2018\/08\/depresia-postpartum.jpeg\",\"width\":1049,\"height\":700},{\"@type\":\"BreadcrumbList\",\"@id\":\"https:\/\/anapantazescu.ro\/index.php\/2018\/09\/25\/cand-depresia-postpartum-este-o-rusine\/#breadcrumb\",\"itemListElement\":[{\"@type\":\"ListItem\",\"position\":1,\"name\":\"Home\",\"item\":\"https:\/\/anapantazescu.ro\/\"},{\"@type\":\"ListItem\",\"position\":2,\"name\":\"C\u00e2nd depresia postpartum este o ru\u0219ine\"}]},{\"@type\":\"WebSite\",\"@id\":\"https:\/\/anapantazescu.ro\/#website\",\"url\":\"https:\/\/anapantazescu.ro\/\",\"name\":\"Ana Pantazescu Website\",\"description\":\"Psiholog Terapeut\",\"potentialAction\":[{\"@type\":\"SearchAction\",\"target\":{\"@type\":\"EntryPoint\",\"urlTemplate\":\"https:\/\/anapantazescu.ro\/?s={search_term_string}\"},\"query-input\":{\"@type\":\"PropertyValueSpecification\",\"valueRequired\":true,\"valueName\":\"search_term_string\"}}],\"inLanguage\":\"en-US\"},{\"@type\":\"Person\",\"@id\":\"https:\/\/anapantazescu.ro\/#\/schema\/person\/82637b8a544bf0437004e34f8000c21f\",\"name\":\"Ana Pantazescu\",\"image\":{\"@type\":\"ImageObject\",\"inLanguage\":\"en-US\",\"@id\":\"https:\/\/anapantazescu.ro\/#\/schema\/person\/image\/\",\"url\":\"https:\/\/secure.gravatar.com\/avatar\/99a97b290475f89b686ddb9a9031d210ffa2165d6d3768f57c29e7e890058004?s=96&d=mm&r=g\",\"contentUrl\":\"https:\/\/secure.gravatar.com\/avatar\/99a97b290475f89b686ddb9a9031d210ffa2165d6d3768f57c29e7e890058004?s=96&d=mm&r=g\",\"caption\":\"Ana Pantazescu\"},\"url\":\"https:\/\/anapantazescu.ro\/index.php\/author\/mkqwr5cc5c\/\"}]}<\/script>\n<!-- \/ Yoast SEO plugin. -->","yoast_head_json":{"title":"C\u00e2nd depresia postpartum este o ru\u0219ine - Ana Pantazescu Website","robots":{"index":"index","follow":"follow","max-snippet":"max-snippet:-1","max-image-preview":"max-image-preview:large","max-video-preview":"max-video-preview:-1"},"canonical":"https:\/\/anapantazescu.ro\/index.php\/2018\/09\/25\/cand-depresia-postpartum-este-o-rusine\/","og_locale":"en_US","og_type":"article","og_title":"C\u00e2nd depresia postpartum este o ru\u0219ine - Ana Pantazescu Website","og_description":"La noi \u00een \u021bar\u0103 a vorbi despre depresia postpartum, a-i recunoa\u0219te existen\u021ba, este un moft din p\u0103cate. Despre cum anume se manifest\u0103, ce putem face, cum o putem preveni, \u0219i multe altele, am discutat \u00een cadrul unui interviu acordat Crinei Alexe pentru revista Elle Rom\u00e2nia. &nbsp; Ce este depresia postpartum? Depresia postpartum este acea stare...","og_url":"https:\/\/anapantazescu.ro\/index.php\/2018\/09\/25\/cand-depresia-postpartum-este-o-rusine\/","og_site_name":"Ana Pantazescu Website","article_published_time":"2018-09-25T12:54:31+00:00","og_image":[{"width":1049,"height":700,"url":"https:\/\/anapantazescu.ro\/wp-content\/uploads\/2018\/08\/depresia-postpartum.jpeg","type":"image\/jpeg"}],"author":"Ana Pantazescu","twitter_card":"summary_large_image","twitter_misc":{"Written by":"Ana Pantazescu","Est. reading time":"7 minutes"},"schema":{"@context":"https:\/\/schema.org","@graph":[{"@type":"WebPage","@id":"https:\/\/anapantazescu.ro\/index.php\/2018\/09\/25\/cand-depresia-postpartum-este-o-rusine\/","url":"https:\/\/anapantazescu.ro\/index.php\/2018\/09\/25\/cand-depresia-postpartum-este-o-rusine\/","name":"C\u00e2nd depresia postpartum este o ru\u0219ine - Ana Pantazescu Website","isPartOf":{"@id":"https:\/\/anapantazescu.ro\/#website"},"primaryImageOfPage":{"@id":"https:\/\/anapantazescu.ro\/index.php\/2018\/09\/25\/cand-depresia-postpartum-este-o-rusine\/#primaryimage"},"image":{"@id":"https:\/\/anapantazescu.ro\/index.php\/2018\/09\/25\/cand-depresia-postpartum-este-o-rusine\/#primaryimage"},"thumbnailUrl":"https:\/\/anapantazescu.ro\/wp-content\/uploads\/2018\/08\/depresia-postpartum.jpeg","datePublished":"2018-09-25T12:54:31+00:00","author":{"@id":"https:\/\/anapantazescu.ro\/#\/schema\/person\/82637b8a544bf0437004e34f8000c21f"},"breadcrumb":{"@id":"https:\/\/anapantazescu.ro\/index.php\/2018\/09\/25\/cand-depresia-postpartum-este-o-rusine\/#breadcrumb"},"inLanguage":"en-US","potentialAction":[{"@type":"ReadAction","target":["https:\/\/anapantazescu.ro\/index.php\/2018\/09\/25\/cand-depresia-postpartum-este-o-rusine\/"]}]},{"@type":"ImageObject","inLanguage":"en-US","@id":"https:\/\/anapantazescu.ro\/index.php\/2018\/09\/25\/cand-depresia-postpartum-este-o-rusine\/#primaryimage","url":"https:\/\/anapantazescu.ro\/wp-content\/uploads\/2018\/08\/depresia-postpartum.jpeg","contentUrl":"https:\/\/anapantazescu.ro\/wp-content\/uploads\/2018\/08\/depresia-postpartum.jpeg","width":1049,"height":700},{"@type":"BreadcrumbList","@id":"https:\/\/anapantazescu.ro\/index.php\/2018\/09\/25\/cand-depresia-postpartum-este-o-rusine\/#breadcrumb","itemListElement":[{"@type":"ListItem","position":1,"name":"Home","item":"https:\/\/anapantazescu.ro\/"},{"@type":"ListItem","position":2,"name":"C\u00e2nd depresia postpartum este o ru\u0219ine"}]},{"@type":"WebSite","@id":"https:\/\/anapantazescu.ro\/#website","url":"https:\/\/anapantazescu.ro\/","name":"Ana Pantazescu Website","description":"Psiholog Terapeut","potentialAction":[{"@type":"SearchAction","target":{"@type":"EntryPoint","urlTemplate":"https:\/\/anapantazescu.ro\/?s={search_term_string}"},"query-input":{"@type":"PropertyValueSpecification","valueRequired":true,"valueName":"search_term_string"}}],"inLanguage":"en-US"},{"@type":"Person","@id":"https:\/\/anapantazescu.ro\/#\/schema\/person\/82637b8a544bf0437004e34f8000c21f","name":"Ana Pantazescu","image":{"@type":"ImageObject","inLanguage":"en-US","@id":"https:\/\/anapantazescu.ro\/#\/schema\/person\/image\/","url":"https:\/\/secure.gravatar.com\/avatar\/99a97b290475f89b686ddb9a9031d210ffa2165d6d3768f57c29e7e890058004?s=96&d=mm&r=g","contentUrl":"https:\/\/secure.gravatar.com\/avatar\/99a97b290475f89b686ddb9a9031d210ffa2165d6d3768f57c29e7e890058004?s=96&d=mm&r=g","caption":"Ana Pantazescu"},"url":"https:\/\/anapantazescu.ro\/index.php\/author\/mkqwr5cc5c\/"}]}},"_links":{"self":[{"href":"https:\/\/anapantazescu.ro\/index.php\/wp-json\/wp\/v2\/posts\/11099","targetHints":{"allow":["GET"]}}],"collection":[{"href":"https:\/\/anapantazescu.ro\/index.php\/wp-json\/wp\/v2\/posts"}],"about":[{"href":"https:\/\/anapantazescu.ro\/index.php\/wp-json\/wp\/v2\/types\/post"}],"author":[{"embeddable":true,"href":"https:\/\/anapantazescu.ro\/index.php\/wp-json\/wp\/v2\/users\/1"}],"replies":[{"embeddable":true,"href":"https:\/\/anapantazescu.ro\/index.php\/wp-json\/wp\/v2\/comments?post=11099"}],"version-history":[{"count":3,"href":"https:\/\/anapantazescu.ro\/index.php\/wp-json\/wp\/v2\/posts\/11099\/revisions"}],"predecessor-version":[{"id":11104,"href":"https:\/\/anapantazescu.ro\/index.php\/wp-json\/wp\/v2\/posts\/11099\/revisions\/11104"}],"wp:featuredmedia":[{"embeddable":true,"href":"https:\/\/anapantazescu.ro\/index.php\/wp-json\/wp\/v2\/media\/11103"}],"wp:attachment":[{"href":"https:\/\/anapantazescu.ro\/index.php\/wp-json\/wp\/v2\/media?parent=11099"}],"wp:term":[{"taxonomy":"category","embeddable":true,"href":"https:\/\/anapantazescu.ro\/index.php\/wp-json\/wp\/v2\/categories?post=11099"},{"taxonomy":"post_tag","embeddable":true,"href":"https:\/\/anapantazescu.ro\/index.php\/wp-json\/wp\/v2\/tags?post=11099"}],"curies":[{"name":"wp","href":"https:\/\/api.w.org\/{rel}","templated":true}]}}